[{"@context":"https:\/\/schema.org\/","@type":"Article","@id":"https:\/\/www.impsquad.cz\/zahrada-a-dum-patri-k-sobe\/#Article","mainEntityOfPage":"https:\/\/www.impsquad.cz\/zahrada-a-dum-patri-k-sobe\/","headline":"Zahrada a d\u016fm pat\u0159\u00ed k sob\u011b.","name":"Zahrada a d\u016fm pat\u0159\u00ed k sob\u011b.","description":"Kone\u010dn\u011b jste si splnili sv\u016fj sen? A jak\u00fd m\u00e1me konkr\u00e9tn\u011b na mysli? P\u0159ece v\u00e1\u0161 vysn\u011bn\u00fd d\u016fm s kr\u00e1snou zahradou, kterou z\u00e1vid\u00ed ka\u017ed\u00fd soused a sousedka. U\u017e si p\u0159edstavujete jak budete sed\u011bt na sv\u00e9 vysn\u011bn\u00e9 zahrad\u011b? Nebo jak budete snad okop\u00e1vat? Pro n\u011bkoho to je vzd\u00e1len\u00e1 budoucnost, ale pro druh\u00e9ho to je u\u017e nyn\u00ed realita. Ka\u017ed\u00fd [&hellip;]","datePublished":"2022-02-16","dateModified":"2023-05-05","author":{"@type":"Person","@id":"https:\/\/www.impsquad.cz\/author\/#Person","name":"","url":"https:\/\/www.impsquad.cz\/author\/","identifier":1,"image":{"@type":"ImageObject","@id":"https:\/\/secure.gravatar.com\/avatar\/f08fec9e5d161146672022190172bcb121f980bd7a64f251ea643f4b19d0f071?s=96&d=mm&r=g","url":"https:\/\/secure.gravatar.com\/avatar\/f08fec9e5d161146672022190172bcb121f980bd7a64f251ea643f4b19d0f071?s=96&d=mm&r=g","height":96,"width":96}},"publisher":{"@type":"Organization","name":"impsquad.cz","logo":{"@type":"ImageObject","@id":"\/logo.png","url":"\/logo.png","width":600,"height":60}},"image":{"@type":"ImageObject","@id":"https:\/\/www.impsquad.cz\/wp-content\/uploads\/tomato-g9fb32bfdc_640.png","url":"https:\/\/www.impsquad.cz\/wp-content\/uploads\/tomato-g9fb32bfdc_640.png","height":0,"width":0},"url":"https:\/\/www.impsquad.cz\/zahrada-a-dum-patri-k-sobe\/","about":["D\u016fm a zahrada"],"wordCount":470,"articleBody":"Kone\u010dn\u011b jste si splnili sv\u016fj sen? A jak\u00fd m\u00e1me konkr\u00e9tn\u011b na mysli? P\u0159ece v\u00e1\u0161 vysn\u011bn\u00fd d\u016fm s kr\u00e1snou zahradou, kterou z\u00e1vid\u00ed ka\u017ed\u00fd soused a sousedka. U\u017e si p\u0159edstavujete jak budete sed\u011bt na sv\u00e9 vysn\u011bn\u00e9 zahrad\u011b? Nebo jak budete snad okop\u00e1vat? Pro n\u011bkoho to je vzd\u00e1len\u00e1 budoucnost, ale pro druh\u00e9ho to je u\u017e nyn\u00ed realita. Ka\u017ed\u00fd jsme m\u011bli n\u011bkdy sv\u016fj sen o rodin\u011b, bydlen\u00ed, kari\u00e9\u0159e, jenom\u017ee komu se to tak\u00e9 povede splnit. Ty \u0161\u0165astlivci jsou, ale mezi n\u00e1mi. V dne\u0161n\u00ed dob\u011b m\u00e1me spoustu mo\u017enost\u00ed jak si koupit zeleninu, jenom\u017ee se \u010d\u00edm d\u00e1le setk\u00e1v\u00e1me jako rodi\u010de s potravinov\u00fdmi alergiemi.Ano je to z j\u00eddla a z toho co d\u00fdch\u00e1me. Pro\u010d nen\u00ed na pol\u00edch p\u0161enice, je\u010dmen a mnoho dal\u0161\u00edho co je pro n\u00e1s tak p\u0159irozen\u00e9? \u0158epka je sice daleko lep\u0161\u00ed pro obchod, ale pro takov\u00e9ho alergika je to naprost\u00e1 hr\u016fza. Pro \u0159idi\u010de aut, kte\u0159\u00ed nav\u00edc maj\u00ed r\u00e1di sv\u00e9 auto natolik, \u017ee ho snad ka\u017ed\u00fd druh\u00fd den um\u00fdvaj\u00ed nebo s n\u00edm jezd\u00ed do automy\u010dky je to dal\u0161\u00ed n\u00e1klad nav\u00edc. Kdo tomu, ale zabr\u00e1n\u00ed v\u0161em t\u011bm post\u0159ik\u016fm a bude tak lidstvo zdrav\u00e9? Na\u0161i p\u0159edci nepot\u0159ebovali \u017e\u00e1dnou chemii na to, aby dok\u00e1zali vyp\u011bstovat zeleninu, ani ovocn\u00e9 stromy nest\u0159\u00edkali. Pro\u010d jdeme tedy proti p\u0159\u00edrodn\u011b a zne\u010di\u0161\u0165ujeme ji a tak\u00e9 na to dopl\u00e1c\u00edme my? Hodn\u011b lid\u00ed se tedy ub\u00edr\u00e1 zdrav\u00fdm sm\u011brem co\u017e je to, \u017ee si p\u011bstuj\u00ed pokud mo\u017eno v\u0161e doma.Ano i dom\u00e1c\u00ed chl\u00e9b u\u017e si plno soused\u016f z va\u0161eho okol\u00ed pe\u010de doma, proto\u017ee je to p\u0159ijde o dost levn\u011bji a hlavn\u011b jim vydr\u017e\u00ed o n\u011bkolik dn\u00ed d\u00e9le. Modern\u00ed doba si \u017e\u00e1d\u00e1, ale tak\u00e9 razantn\u00ed \u0159e\u0161en\u00ed, proto\u017ee p\u0159eci nechceme, aby jednoho dne na\u0161e d\u011bti m\u011bli \u010disti\u010de vzduchu v\u0161ude okolo sebe, a museli j\u00edt jen BIO potraviny, kter\u00e9 budou st\u00e1t jednou o mnoho v\u00edce ne\u017e nyn\u00ed a alergii bude m\u00edt ka\u017ed\u00fd. P\u0159em\u00fd\u0161lejme na t\u00edm co do sv\u00e9ho t\u011bla d\u00e1v\u00e1me, pohybu toti\u017e tak\u00e9 nem\u00e1me tolik, proto\u017ee chytr\u00e9 telefony a aplikace n\u00e1s doslova pohltily. Nechod\u00edme tak \u010dasto ven, ale rad\u011bji si p\u00ed\u0161eme se sv\u00fdmi kamar\u00e1dy zpr\u00e1vy po internetu. Zastavme se a zkusme chv\u00edli p\u0159em\u00fd\u0161let nad t\u00edm k\u00fdm jsme a co vlastn\u011b jednou pro sebe a pro svoje d\u011bti chceme.                                                                                                                                                                                                                                                                                                                                                                                        4.2\/5 - (6 votes)        "},{"@context":"https:\/\/schema.org\/","@type":"BreadcrumbList","itemListElement":[{"@type":"ListItem","position":1,"name":"Zahrada a d\u016fm pat\u0159\u00ed k sob\u011b.","item":"https:\/\/www.impsquad.cz\/zahrada-a-dum-patri-k-sobe\/#breadcrumbitem"}]}]