[{"@context":"https:\/\/schema.org\/","@type":"Article","@id":"https:\/\/www.impsquad.cz\/stylova-za-kazdeho-pocasi\/#Article","mainEntityOfPage":"https:\/\/www.impsquad.cz\/stylova-za-kazdeho-pocasi\/","headline":"Stylov\u00e1 za ka\u017ed\u00e9ho po\u010das\u00ed","name":"Stylov\u00e1 za ka\u017ed\u00e9ho po\u010das\u00ed","description":"Snem snad ka\u017ed\u00e9 \u017eeny je to, aby byla za jak\u00e9koliv p\u0159\u00edle\u017eitosti okouzluj\u00edc\u00ed a trendy. Ano, za jak\u00e9koliv p\u0159\u00edle\u017eitosti, to znamen\u00e1 nap\u0159\u00edklad v de\u0161ti, sn\u011bhov\u00e9 v\u00e1nici nebo v\u011btru. V takov\u00e9m po\u010das\u00ed je v\u011bt\u0161inou t\u0159eba volit mezi prakti\u010dnost\u00ed a stylem \u2013 v tomto p\u0159\u00edpad\u011b ale nikoliv! Nen\u00ed \u017e\u00e1dn\u00fdm tajemstv\u00edm, \u017ee i na podzim \u010di v zim\u011b, kdy [&hellip;]","datePublished":"2024-12-10","dateModified":"2024-12-10","author":{"@type":"Person","@id":"https:\/\/www.impsquad.cz\/author\/#Person","name":"","url":"https:\/\/www.impsquad.cz\/author\/","identifier":1,"image":{"@type":"ImageObject","@id":"https:\/\/secure.gravatar.com\/avatar\/f08fec9e5d161146672022190172bcb121f980bd7a64f251ea643f4b19d0f071?s=96&d=mm&r=g","url":"https:\/\/secure.gravatar.com\/avatar\/f08fec9e5d161146672022190172bcb121f980bd7a64f251ea643f4b19d0f071?s=96&d=mm&r=g","height":96,"width":96}},"publisher":{"@type":"Organization","name":"impsquad.cz","logo":{"@type":"ImageObject","@id":"\/logo.png","url":"\/logo.png","width":600,"height":60}},"url":"https:\/\/www.impsquad.cz\/stylova-za-kazdeho-pocasi\/","wordCount":173,"articleBody":"Snem snad ka\u017ed\u00e9 \u017eeny je to, aby byla za jak\u00e9koliv p\u0159\u00edle\u017eitosti okouzluj\u00edc\u00ed a trendy. Ano, za jak\u00e9koliv p\u0159\u00edle\u017eitosti, to znamen\u00e1 nap\u0159\u00edklad v de\u0161ti, sn\u011bhov\u00e9 v\u00e1nici nebo v\u011btru. V takov\u00e9m po\u010das\u00ed je v\u011bt\u0161inou t\u0159eba volit mezi prakti\u010dnost\u00ed a stylem \u2013 v tomto p\u0159\u00edpad\u011b ale nikoliv! Nen\u00ed \u017e\u00e1dn\u00fdm tajemstv\u00edm, \u017ee i na podzim \u010di v zim\u011b, kdy je po\u010das\u00ed v\u011bt\u0161inu \u010dasu zkr\u00e1tka p\u0159\u00ed\u0161ern\u00e9, m\u016f\u017eete vypadat skv\u011ble a z\u00e1rove\u0148 z\u016fstat v teple a suchu. Prakti\u010dnost i vzhledD\u00e1msk\u00e9 bundy v sob\u011b mus\u00ed snoubit praktickou str\u00e1nku spolu s tou designovou, proto\u017ee se jedn\u00e1 o jednu z nejz\u00e1sadn\u011bj\u0161\u00edch polo\u017eek v \u017eensk\u00e9m \u0161atn\u00edku. S ko\u017e\u00ed\u0161kem, velk\u00fdm l\u00edmcem nebo kapuc\u00ed, del\u0161\u00ed \u010di krat\u0161\u00ed st\u0159ih \u2013 na v\u00fdb\u011br je mnoho variant, ze kter\u00fdch si je\u0161t\u011b vyberete tu, kter\u00e1 V\u00e1m bude vyhovovat.                                                                                                                                                                                                                                                                                                                                                                                        5\/5 - (6 votes)        "},{"@context":"https:\/\/schema.org\/","@type":"BreadcrumbList","itemListElement":[{"@type":"ListItem","position":1,"name":"Stylov\u00e1 za ka\u017ed\u00e9ho po\u010das\u00ed","item":"https:\/\/www.impsquad.cz\/stylova-za-kazdeho-pocasi\/#breadcrumbitem"}]}]