[{"@context":"https:\/\/schema.org\/","@type":"Article","@id":"https:\/\/www.impsquad.cz\/nejlepsi-kosmetika-je-ta-ekologicka\/#Article","mainEntityOfPage":"https:\/\/www.impsquad.cz\/nejlepsi-kosmetika-je-ta-ekologicka\/","headline":"Nejlep\u0161\u00ed kosmetika je ta ekologick\u00e1","name":"Nejlep\u0161\u00ed kosmetika je ta ekologick\u00e1","description":"A pokud \u010dlov\u011bku nebylo tolik p\u0159\u00e1no nebo o sv\u00e9 skute\u010dn\u00e9 kr\u00e1se jenom pochybuje, nebo kr\u00e1sn\u00fd je, ale chce svou dokonalost je\u0161t\u011b v\u00edce podtrhnout, sah\u00e1 nejednou po v\u0161emo\u017en\u00e9 kosmetice.&#13; Toto po\u010d\u00edn\u00e1n\u00ed je zpravidla dom\u00e9nou \u017een, ov\u0161em nic si nenamlouvejme \u2013 i chlapi se cht\u011bj\u00ed l\u00edbit a i oni tu a tam n\u011bco z kosmetiky pou\u017eij\u00ed, pouze [&hellip;]","datePublished":"2018-11-24","dateModified":"2023-05-05","author":{"@type":"Person","@id":"https:\/\/www.impsquad.cz\/author\/#Person","name":"","url":"https:\/\/www.impsquad.cz\/author\/","identifier":1,"image":{"@type":"ImageObject","@id":"https:\/\/secure.gravatar.com\/avatar\/f08fec9e5d161146672022190172bcb121f980bd7a64f251ea643f4b19d0f071?s=96&d=mm&r=g","url":"https:\/\/secure.gravatar.com\/avatar\/f08fec9e5d161146672022190172bcb121f980bd7a64f251ea643f4b19d0f071?s=96&d=mm&r=g","height":96,"width":96}},"publisher":{"@type":"Organization","name":"impsquad.cz","logo":{"@type":"ImageObject","@id":"\/logo.png","url":"\/logo.png","width":600,"height":60}},"image":{"@type":"ImageObject","@id":"https:\/\/www.impsquad.cz\/wp-content\/uploads\/img_a334833_w2572_t1548347997.jpg","url":"https:\/\/www.impsquad.cz\/wp-content\/uploads\/img_a334833_w2572_t1548347997.jpg","height":0,"width":0},"url":"https:\/\/www.impsquad.cz\/nejlepsi-kosmetika-je-ta-ekologicka\/","about":["Dovolen\u00e1"],"wordCount":488,"articleBody":"A pokud \u010dlov\u011bku nebylo tolik p\u0159\u00e1no nebo o sv\u00e9 skute\u010dn\u00e9 kr\u00e1se jenom pochybuje, nebo kr\u00e1sn\u00fd je, ale chce svou dokonalost je\u0161t\u011b v\u00edce podtrhnout, sah\u00e1 nejednou po v\u0161emo\u017en\u00e9 kosmetice.&#13; Toto po\u010d\u00edn\u00e1n\u00ed je zpravidla dom\u00e9nou \u017een, ov\u0161em nic si nenamlouvejme \u2013 i chlapi se cht\u011bj\u00ed l\u00edbit a i oni tu a tam n\u011bco z kosmetiky pou\u017eij\u00ed, pouze s t\u00edm rozd\u00edlem, \u017ee rt\u011bnka \u010di o\u010dn\u00ed st\u00edny to vesm\u011bs neb\u00fdvaj\u00ed. A b\u00fdvaj\u00ed-li, pak doty\u010dn\u00ed chlapi nejsp\u00ed\u0161e nejsou ani tak chlapy, jak sp\u00ed\u0161e na chlapy.&#13; Kosmetiky je v\u0161ude kolem n\u00e1s spousta. Jenom tak nam\u00e1tkou si zmi\u0148me to nejb\u011b\u017en\u011bj\u0161\u00ed:1) Kr\u00e9my2) Oleje3) M\u00fddla4) \u0160ampony5) Barvy na vlasy6) L\u00ed\u010didla7) Parf\u00e9my8) Opalovac\u00ed prost\u0159edky9) Prac\u00ed p\u0159\u00edpravky10) \u00daklidov\u00e1 chemie&#13; To v\u0161e u n\u00e1s m\u00e1me. K tomu, abychom byli my a na\u0161e okol\u00ed kr\u00e1sn\u011bj\u0161\u00ed, abychom zv\u00fdraznili to nejkr\u00e1sn\u011bj\u0161\u00ed a naopak potla\u010dili to, co se na n\u00e1s osudu zase a\u017e tak moc nevyda\u0159ilo.&#13; Ov\u0161em p\u0159iznejme si, \u017ee se ob\u010das n\u011bco zvrtne a po pou\u017eit\u00ed n\u011b\u010deho z uveden\u00e9ho v\u00fd\u010dtu nejen nejsme hez\u010d\u00ed, ale pr\u00e1v\u011b naopak. Tu m\u00e1me n\u011bjakou vyr\u00e1\u017eku, tu zarudnut\u00ed k\u016f\u017ee, n\u011bkdy se n\u00e1m nad\u011blaj\u00ed puch\u00fd\u0159e a n\u011bkdy m\u016f\u017eeme dostat i \u0161ok zvan\u00fd anafylaktick\u00fd, co\u017e u\u017e v\u00e1\u017en\u011b nen\u00ed nic p\u011bkn\u00e9ho. N\u011bkdy n\u00e1s tak po podobn\u00fdch zkr\u00e1\u0161lovac\u00edch procedur\u00e1ch \u010dek\u00e1 maz\u00e1n\u00ed se n\u011bjak\u00fdmi masti\u010dkami voln\u011b prodejn\u00fdmi v l\u00e9k\u00e1rn\u011b, je\u017e nemaj\u00ed s kosmetikou vlastn\u011b nic spole\u010dn\u00e9ho, n\u011bkdy dojde na n\u00e1v\u0161t\u011bvu l\u00e9ka\u0159e a nejednou to skon\u010d\u00ed t\u0159eba i v nemocnici na jednotce intenzivn\u00ed p\u00e9\u010de.&#13; Pro\u010d tomu tak je? Vesm\u011bs proto, \u017ee je kosmetika \u010dasto pln\u00e1 chemie, ji\u017e n\u00e1\u0161 imunitn\u00ed syst\u00e9m nejednou nezvl\u00e1dne, a t\u00e9 chemie je v\u00edc a v\u00edc. A r\u00e1zem tu m\u00e1me alergii. A tak\u00e9 d\u016fvod, .Ekologick\u00e1 kosmetika a drog\u00e9rie maj\u00ed tu v\u00fdhodu, \u017ee n\u00e1m je poskytuje sama mati\u010dka p\u0159\u00edroda, ta, z jej\u00edho\u017e l\u016fna jsme vze\u0161li, a tud\u00ed\u017e n\u00e1m tato nem\u00edv\u00e1 v \u00famyslu \u0161kodit, na rozd\u00edl od chemie, konzerva\u010dn\u00edch l\u00e1tek, barviv a emulg\u00e1tor\u016f, kter\u00fdm jsme zcela lhostejn\u00ed.P\u0159\u00edrodn\u00ed kosmetika je prost\u011b zdrav\u011bj\u0161\u00ed a vhodn\u011bj\u0161\u00ed, a ta bio, ta je \u00fapln\u011b ta nej. A d\u00edky n\u00ed m\u016f\u017eeme b\u00fdt dokonal\u00ed i my sami. Nebo m\u016f\u017eeme b\u00fdt alespo\u0148 dokonalej\u0161\u00ed ne\u017e ti, kdo vsadili na chemii. Ti mo\u017en\u00e1 se zarudnutou k\u016f\u017e\u00ed, pup\u00ednky, v\u0159\u00eddky a ob\u010das i kapa\u010dkou zap\u00edchnutou do p\u0159edlokt\u00ed.                                                                                                                                                                                                                                                                                                                                                                                        4.4\/5 - (8 votes)        "},{"@context":"https:\/\/schema.org\/","@type":"BreadcrumbList","itemListElement":[{"@type":"ListItem","position":1,"name":"Nejlep\u0161\u00ed kosmetika je ta ekologick\u00e1","item":"https:\/\/www.impsquad.cz\/nejlepsi-kosmetika-je-ta-ekologicka\/#breadcrumbitem"}]}]