[{"@context":"https:\/\/schema.org\/","@type":"Article","@id":"https:\/\/www.impsquad.cz\/krasa-lidi\/#Article","mainEntityOfPage":"https:\/\/www.impsquad.cz\/krasa-lidi\/","headline":"Kr\u00e1sa lid\u00ed","name":"Kr\u00e1sa lid\u00ed","description":"Pro n\u011bkoho je kr\u00e1sa opravdu hodn\u011b d\u016fle\u017eit\u00e1. Mysl\u00edm si, \u017ee hlavn\u011b mnoho \u017een uzn\u00e1v\u00e1, aby se l\u00edbily mu\u017e\u016fm anebo, aby se l\u00edbily tak\u00e9 \u017een\u00e1m, proto\u017ee n\u011bkter\u00e9 \u017eeny cht\u011bj\u00ed, aby se l\u00edbily \u00fapln\u011b ka\u017ed\u00e9mu. A tak t\u0159eba jsou v\u00fdjimky, kdy t\u0159eba \u017eeny chod\u00ed tak\u00e9 na plastick\u00e9 operace anebo t\u0159eba i n\u011bkolikr\u00e1t m\u011bs\u00ed\u010dn\u011b ke kosmeti\u010dce. A mnoho [&hellip;]","datePublished":"2024-07-28","dateModified":"2024-07-28","author":{"@type":"Person","@id":"https:\/\/www.impsquad.cz\/author\/#Person","name":"","url":"https:\/\/www.impsquad.cz\/author\/","identifier":1,"image":{"@type":"ImageObject","@id":"https:\/\/secure.gravatar.com\/avatar\/f08fec9e5d161146672022190172bcb121f980bd7a64f251ea643f4b19d0f071?s=96&d=mm&r=g","url":"https:\/\/secure.gravatar.com\/avatar\/f08fec9e5d161146672022190172bcb121f980bd7a64f251ea643f4b19d0f071?s=96&d=mm&r=g","height":96,"width":96}},"publisher":{"@type":"Organization","name":"impsquad.cz","logo":{"@type":"ImageObject","@id":"\/logo.png","url":"\/logo.png","width":600,"height":60}},"image":{"@type":"ImageObject","@id":"https:\/\/www.impsquad.cz\/wp-content\/uploads\/manicure-870850_1280.jpg","url":"https:\/\/www.impsquad.cz\/wp-content\/uploads\/manicure-870850_1280.jpg","height":0,"width":0},"url":"https:\/\/www.impsquad.cz\/krasa-lidi\/","about":["Kr\u00e1sa"],"wordCount":458,"articleBody":"Pro n\u011bkoho je kr\u00e1sa opravdu hodn\u011b d\u016fle\u017eit\u00e1. Mysl\u00edm si, \u017ee hlavn\u011b mnoho \u017een uzn\u00e1v\u00e1, aby se l\u00edbily mu\u017e\u016fm anebo, aby se l\u00edbily tak\u00e9 \u017een\u00e1m, proto\u017ee n\u011bkter\u00e9 \u017eeny cht\u011bj\u00ed, aby se l\u00edbily \u00fapln\u011b ka\u017ed\u00e9mu. A tak t\u0159eba jsou v\u00fdjimky, kdy t\u0159eba \u017eeny chod\u00ed tak\u00e9 na plastick\u00e9 operace anebo t\u0159eba i n\u011bkolikr\u00e1t m\u011bs\u00ed\u010dn\u011b ke kosmeti\u010dce. A mnoho lid\u00ed ka\u017ed\u00fd t\u00fdden chod\u00ed ke kosmeti\u010dce, proto\u017ee si mysl\u00ed, \u017ee jim to pom\u016f\u017ee. Mysl\u00edte si, \u017ee pravideln\u00e9 a \u010dast\u00e9 n\u00e1v\u0161t\u011bvy kosmetick\u00e9ho studia v\u00e1m pom\u016f\u017eou ke kr\u00e1se, \u017ee t\u0159eba budete pomaleji st\u00e1rnout anebo \u017ee budete m\u00edt i m\u00e9n\u011b vr\u00e1sek? Podle m\u00e9ho n\u00e1zoru samoz\u0159ejm\u011b ano, proto\u017ee kdy\u017e budete vlastn\u011b o svou ple\u0165 pravideln\u011b pe\u010dovat a budete se zaj\u00edmat o kr\u00e1su, tak samoz\u0159ejm\u011b, \u017ee potom va\u0161e ple\u0165 v\u00edce vynikne. Va\u0161e ple\u0165 bude v\u00edce takov\u00e1 sv\u011b\u017e\u00ed a o\u0161et\u0159en\u00e1. J\u00e1 si mysl\u00edm, \u017ee ka\u017ed\u00e1 o\u0161et\u0159en\u00e1 ple\u0165 vypad\u00e1 opravdu skv\u011ble. J\u00e1 chod\u00edm ke kosmeti\u010dce tak\u00e9 sice jenom jedenkr\u00e1t m\u011bs\u00ed\u010dn\u011b, ale jsem opravdu r\u00e1da, \u017ee si tohle jednou m\u011bs\u00ed\u010dn\u011b mohu dovolit, proto\u017ee jsou n\u011bkte\u0159\u00ed lid\u00e9, kte\u0159\u00ed by t\u0159eba moc r\u00e1di chodili ke kosmeti\u010dce, ale bohu\u017eel na to nemaj\u00ed. A proto\u017ee n\u011bkter\u00e1 kosmetick\u00e1 studia si berou u\u017e tis\u00edce korun za to, \u017ee v\u00e1m ud\u011blaj\u00ed z\u00e1kladn\u00ed o\u0161et\u0159en\u00ed pleti. Ale pokud v\u00e1m opravdu z\u00e1le\u017e\u00ed na kr\u00e1se a m\u00e1te docela i dost pen\u011bz, tak n\u011bkdo d\u00e1v\u00e1 i t\u0159eba p\u011bt tis\u00edc korun za kosmetick\u00e9 o\u0161et\u0159en\u00ed, n\u011bjak\u00e9 mikrojehli\u010dkov\u00e1n\u00ed anebo akupunkturu a tak podobn\u011b. Tak\u00e9 n\u011bkter\u00e9 \u017eeny anebo i p\u00e1nov\u00e9 chod\u00ed na lymfatick\u00e9 mas\u00e1\u017ee. Proto\u017ee lymfatick\u00e9 mas\u00e1\u017ee v\u00e1m vlastn\u011b rozproud\u00ed lymfu v t\u011ble a to znamen\u00e1, \u017ee vlastn\u011b se budete tak\u00e9 c\u00edtit v\u00edce v pohod\u011b. A je to dob\u0159e. Vy vlastn\u011b budete tak\u00e9 m\u00e9n\u011b otekl\u00ed. Va\u0161e ple\u0165 se \u00fapln\u011b zjemn\u00ed a nebude tak otekl\u00e1. A to hlavn\u011b po r\u00e1nu. M\u011b nap\u0159\u00edklad opravdu hodn\u011b vad\u00ed, kdy\u017e se probud\u00edm a m\u00e1m opravdu natekl\u00e9 o\u010di, m\u00e1m takzvan\u011b v\u00e1\u010dky pod o\u010dima. Tohle je opravdu hrozn\u00e9 a budu doufat, \u017ee mi to jednoho dne zmiz\u00ed. Pr\u00e1v\u011b tak\u00e9 \u010dek\u00e1m jeden kosmetick\u00fd z\u00e1krok, aby mi zmizely pr\u00e1v\u011b ty zm\u00edn\u011bn\u00e9 pytle pod o\u010dima, je to otravuj\u00edc\u00ed.\u00a0                                                                                                                                                                                                                                                                                                                                                                                        3.9\/5 - (11 votes)        "},{"@context":"https:\/\/schema.org\/","@type":"BreadcrumbList","itemListElement":[{"@type":"ListItem","position":1,"name":"Kr\u00e1sa lid\u00ed","item":"https:\/\/www.impsquad.cz\/krasa-lidi\/#breadcrumbitem"}]}]